{"id":8041,"date":"2021-07-29T11:44:39","date_gmt":"2021-07-29T09:44:39","guid":{"rendered":"https:\/\/www.sv-halle-leichtathletik.de\/?p=6195"},"modified":"2021-07-29T11:44:39","modified_gmt":"2021-07-29T09:44:39","slug":"info-der-admins","status":"publish","type":"post","link":"https:\/\/www.sv-halle-leichtathletik.de\/?p=8041","title":{"rendered":"Info der Admins"},"content":{"rendered":"<p>Liebe Besucher und freunde der gepflegten Leichtathletik,<\/p>\n<p>&nbsp;<\/p>\n<p>damit wir euch auch in Zukunft mit tollen News und auch noch besser mit Infos zu euren Lieblingssportlern versorgen k\u00f6nnen, hat ein kleines Team rund um <a href=\"http:\/\/www.callharry.de\/\">Patrick G\u00fcnther<\/a> und Philipp T\u00f6pfer in den letzten Wochen hart und unerm\u00fcdlich an einem gro\u00dfen Wurf gearbeitet.<\/p>\n<p>&nbsp;<\/p>\n<p>Damit alles korrekt \u00fcber die Bahn geht, ist es erforderlich, dass wir die aktuelle Seite in der kommenden Nacht ab ca. 22:00 Uhr vom Netz nehmen.<\/p>\n<p>&nbsp;<\/p>\n<p>Voraussichtlich ab Morgen, 16:00 Uhr erwartet euch etwas spannendes an gewohnter Stelle.<\/p>\n<p>&nbsp;<\/p>\n<p>Viele Gr\u00fc\u00dfe und Sport frei!!! eure Admins<\/p>\n","protected":false},"excerpt":{"rendered":"<p>Liebe Besucher und freunde der gepflegten Leichtathletik, &nbsp; damit wir euch auch in Zukunft mit tollen News und auch noch besser mit Infos zu euren Lieblingssportlern<span class=\"excerpt-hellip\"> [\u2026]<\/span><\/p>\n","protected":false},"author":1,"featured_media":0,"comment_status":"closed","ping_status":"open","sticky":false,"template":"","format":"standard","meta":{"footnotes":""},"categories":[51],"tags":[],"class_list":["post-8041","post","type-post","status-publish","format-standard","hentry","category-leichtathletik"],"_links":{"self":[{"href":"https:\/\/www.sv-halle-leichtathletik.de\/index.php?rest_route=\/wp\/v2\/posts\/8041","targetHints":{"allow":["GET"]}}],"collection":[{"href":"https:\/\/www.sv-halle-leichtathletik.de\/index.php?rest_route=\/wp\/v2\/posts"}],"about":[{"href":"https:\/\/www.sv-halle-leichtathletik.de\/index.php?rest_route=\/wp\/v2\/types\/post"}],"author":[{"embeddable":true,"href":"https:\/\/www.sv-halle-leichtathletik.de\/index.php?rest_route=\/wp\/v2\/users\/1"}],"replies":[{"embeddable":true,"href":"https:\/\/www.sv-halle-leichtathletik.de\/index.php?rest_route=%2Fwp%2Fv2%2Fcomments&post=8041"}],"version-history":[{"count":0,"href":"https:\/\/www.sv-halle-leichtathletik.de\/index.php?rest_route=\/wp\/v2\/posts\/8041\/revisions"}],"wp:attachment":[{"href":"https:\/\/www.sv-halle-leichtathletik.de\/index.php?rest_route=%2Fwp%2Fv2%2Fmedia&parent=8041"}],"wp:term":[{"taxonomy":"category","embeddable":true,"href":"https:\/\/www.sv-halle-leichtathletik.de\/index.php?rest_route=%2Fwp%2Fv2%2Fcategories&post=8041"},{"taxonomy":"post_tag","embeddable":true,"href":"https:\/\/www.sv-halle-leichtathletik.de\/index.php?rest_route=%2Fwp%2Fv2%2Ftags&post=8041"}],"curies":[{"name":"wp","href":"https:\/\/api.w.org\/{rel}","templated":true}]}}