{"id":8037,"date":"2021-07-09T10:22:41","date_gmt":"2021-07-09T08:22:41","guid":{"rendered":"https:\/\/www.sv-halle-leichtathletik.de\/?p=6099"},"modified":"2021-07-09T10:22:41","modified_gmt":"2021-07-09T08:22:41","slug":"2021-07-09-lm-blockwettkampf-sieger","status":"publish","type":"post","link":"https:\/\/www.sv-halle-leichtathletik.de\/?p=8037","title":{"rendered":"2021.07.09 &#8211; LM Blockwettkampf Sieger"},"content":{"rendered":"<h3>Sieger Landesmeisterschaften Block U16\/U14 &#8211; 03.07.2021<\/h3>\n<table class=\" alignleft\" style=\"border-collapse: collapse; width: 50%;\">\n<tbody>\n<tr>\n<td style=\"width: 100%;\">\n<p style=\"text-align: left;\">[img_slider]<\/p>\n<p>[img_slide alt=&#8220;alt&#8220; src=&#8220;https:\/\/alt.sv-halle-leichtathletik\/wp-content\/uploads\/2021\/07\/18-wk-Leon-Joel-Clair-LM-Block-03.07.2021.jpg&#8220;]<\/p>\n<p>[img_slide alt=&#8220;alt&#8220; src=&#8220;https:\/\/alt.sv-halle-leichtathletik\/wp-content\/uploads\/2021\/07\/12-wk-Mika-Laue-Sieg-LM-Block-03.07.2021.jpg&#8220;]<\/p>\n<p>[img_slide alt=&#8220;alt&#8220; src=&#8220;https:\/\/alt.sv-halle-leichtathletik\/wp-content\/uploads\/2021\/07\/11-wk-Charlotte-Zeigermann-Sieg-LM-Block-03.07.2021.jpg&#8220;]<\/p>\n<p>[img_slide alt=&#8220;alt&#8220; src=&#8220;https:\/\/alt.sv-halle-leichtathletik\/wp-content\/uploads\/2021\/07\/13-wk-Ernst-Bruno-Eltz-Sieg-LM-Block-03.07.2021.jpg&#8220;]<\/p>\n<p>[img_slide alt=&#8220;alt&#8220; src=&#8220;https:\/\/alt.sv-halle-leichtathletik\/wp-content\/uploads\/2021\/07\/14-wk-Emil-Wydmuch-Sieg-LM-Block-03.07.2021.jpg&#8220;]<\/p>\n<p>[img_slide alt=&#8220;alt&#8220; src=&#8220;https:\/\/alt.sv-halle-leichtathletik\/wp-content\/uploads\/2021\/07\/19-wk-Rachel-Agbo-Anih-Sieg-03.07.2021.jpg&#8220;]<\/p>\n<p>[img_slide alt=&#8220;alt&#8220; src=&#8220;https:\/\/alt.sv-halle-leichtathletik\/wp-content\/uploads\/2021\/07\/15-wk-Hannah-Weinrich-Sieg-LM-Block-03.07.2021.jpg&#8220;]<\/p>\n<p>[img_slide alt=&#8220;alt&#8220; src=&#8220;https:\/\/alt.sv-halle-leichtathletik\/wp-content\/uploads\/2021\/07\/16-wk-Max-Leon-Graichen-Sieg-LM-Block-03.07.2021.jpg&#8220;]<\/p>\n<p>[img_slide alt=&#8220;alt&#8220; src=&#8220;https:\/\/alt.sv-halle-leichtathletik\/wp-content\/uploads\/2021\/07\/17-wk-Vincent-Dathe-Sieg-LM-Block-03.07.2021.jpg&#8220;]<\/p>\n<p>[\/img_slider]<\/td>\n<\/tr>\n<\/tbody>\n<\/table>\n<p>In seinem ersten Blockwettkampf Wurf und nach langer Pause wegen Wachstumsproblemen, ist <strong>Leon-Joel Clair<\/strong> (06) endlich wieder da und schl\u00e4gt gleich richtig zu. Seinen 2.919 Pkt. Landesmeistertitel untermauerte er mit einer soliden Sprintleistung \u00fcber 100m in 11,99 s. und 3 weiteren pers\u00f6nlichen Bestleistungen. Damit lieferte er die Quli-Norm f\u00fcr die DM in Markt-Schwaben sowie die zweit beste Punktzahl hinter Ernst Bruno Eltz und konnte zum Mannschaftssieg mit 14.452 Pkt. beitragen. Der aktuelle Landesrekord und auch deutsche Rekord liegt bei 15.391 Punkten und wurde 2016 von seinem Bruder @j.k.c16 sowie @tillsteinforth , @richardhrtm , @till_blaettermann_ und @ludwigshrg aufgestellt.<\/p>\n<p><strong>Ernst-Bruno Eltz<\/strong> hat den U16 Blockwettkampf Sprint\/Sprung in der M14 mit 2.953 Pkt. klar f\u00fcr sich entschieden und f\u00fchrt den Mannschaftssieg der TG von Henny Gastel an. Neben Bruno vervollst\u00e4ndigen <strong>Paul G\u00fcnther<\/strong> (07) mit 2.674 Punkten und <strong>Lennart Lorbeer<\/strong> (07) mit 2.631 Pkt. das Siegerpodest und machen die dreifach Normerf\u00fcllung (2.600 Pkt.) f\u00fcr die Block DM in Markt-Schwaben perfekt.<\/p>\n<div dir=\"auto\"><strong>Mika Laue<\/strong> siegt im Blockwettkampf Sprint\/Sprung der M15 am 03.07.2021 mit 2.907 Pkt. vor seinem Trainingskollegen Lennard Noel Willner mit 2.849 Pkt.<\/div>\n<div dir=\"auto\">Beide haben somit die Quali-Norm von 2.800 Pkt. f\u00fcr die Block DM in Markt-Schwaben \u00fcberboten.<\/div>\n<div dir=\"auto\">Mit ihrer Punktzahl trugen sie zum 14.452 Pkt. U16 Mannschaftssieg der TG von Henny Gastel bei.<\/div>\n<div dir=\"auto\"><\/div>\n<div dir=\"auto\"><\/div>\n<div dir=\"auto\"><strong>Rachel Agbo Anih<\/strong> (07) siegte bei den Landesmeisterschaften Block Sprint\/Sprung (03.07.21) der W14 mit 2.481 Punkten. Damit verpasste sie aber leider die DM Blocknorm um 19 Punkte. Mit dieser Leistung konnte sie die 13.609 Pkt. Siegermannschaft der WJ U16 vervollst\u00e4ndigen. Ihre Trainingskollegin <strong>Nicola Bertalan<\/strong> (07) musste sich mit 2.447 Pkt um gerade einmal 3 Punkte der zweitplatzierten Bernburgerin Friedericke Domann geschlagen geben.<\/div>\n<p>Der Landesmeister im Block Wurf der M14 <strong>Emil Wydmuch<\/strong> (07) ist mit 2.824 Punkten diesmal nicht so zufrieden. Dennoch hat der die geforderte Quali-Norm f\u00fcr die Block DM in Markt-Schwaben (2.500 Pkt.) deutlich \u00fcberboten und vervollst\u00e4ndigt die Siegermannschaft der U16. Auch f\u00fcr <strong>Jonas Maxim Pfeiffer<\/strong> (07) hat es neben der Silbermedaille mit 2.616 Pkt. zur Normerbringung gereicht.<\/p>\n<div class=\"kvgmc6g5 cxmmr5t8 oygrvhab hcukyx3x c1et5uql ii04i59q\">\n<div dir=\"auto\"><\/div>\n<div dir=\"auto\">Bei den Landesmeisterschaften im Blockwettkampf der U16 brillierten die M\u00e4dels der TG von Henny Gastel neben hervorragenden Einzelleistungen auch mit dem Mannschaftssieg 13.609 Punkte und somit fast 2.000 Punkte vor den zweitplatzierten Magdeburgern.<\/div>\n<\/div>\n<div class=\"o9v6fnle cxmmr5t8 oygrvhab hcukyx3x c1et5uql ii04i59q\">\n<div dir=\"auto\">Die Landestrainerin schreibt:<\/div>\n<div dir=\"auto\">&#8222;Der unter sonnigen Voraussetzungen um 30 Minuten sp\u00e4ter beginnende Wettkampf bot \u00fcber die gesamte Ausdehnung des Wettkampfes dabei einige Glanzleistungen in Sachen Erf\u00fcllung von DM U16 Normen. So freuten sich die Sportlerinnen um <strong>Charlotte Zeigermann<\/strong> (2.855 Pkt.), <strong>Anna Hinkelmann<\/strong> (2.850 Pkt.) und <strong>Hannah-Sophie Pippel<\/strong> (2.847 Pkt.; alle vom SV Halle) \u00fcber ihre fast identischen Punktzahlen im Block Sprint\/Sprung in der W15. Damit haben sie neben den erf\u00fcllten DM Siebenkampf-Normwerten f\u00fcr Wesel auch die DM Blockwettkampfpunkte f\u00fcr Markt-Schwabach erf\u00fcllt. Allerdings sehen die Wettkampfregularien des DLV vor, dass man sich zwischen den Veranstaltungen entscheiden muss. Das wird hier mit Sicherheit der 7-Kampf werden. Auch <strong>Charlotte L\u00e4ssing<\/strong> l\u00f6ste mit 2.576 Punkten das Ticket f\u00fcr die DM im Blockwettkampf. Nebenbei sprinteten und sprangen die jungen Damen gleichzeitig Einzelnormen f\u00fcr die DM U16 in Hannover. Charlotte sprang mit 5,59 m und endlich regul\u00e4rem Wind, die Weitsprungnorm. Anna erzielte bei nun regul\u00e4rem Wind 12,47 s \u00fcber 100 m und Hannah sprang mit 1,62 m im Hochsprung die Einzelnorm.&#8220;<\/div>\n<\/div>\n<p><strong>Hannah Weinrich<\/strong> (08) ist bisher in jedem Blockwettkampf ungeschlagen und pr\u00e4sentiert sich immer wieder siegeshungrig. Mit 2.568 Pkt. gewinnt sich deutlich den Block Lauf der W13 und f\u00fchrt somit auch den Mannschaftssieg (11.900 Pkt.) mit rund 1.000 Punkten Vorsprung auf die Magdeburger Sportlerinnen an. Ebenfalls eine starken Blockwettkampf abolvierten die zweit- und drittplatzierten Trainingskolleginnen <strong>Stella<\/strong> <strong>Hoffmann<\/strong> (08) mit 2.421 Pkt. und <strong>Martha Espenhahn<\/strong> (08) mit 2.372 Pkt.<\/p>\n<div dir=\"auto\"><strong>Max Leon Graichen<\/strong> (08) Landesmeister des M13 Block Lauf mit 2.634 Punkten und damit nur 43 Punkte vom neuen Landesrekord entfernt.<\/div>\n<div dir=\"auto\">Mit 9,28 s \u00fcber 75m ist er einer der schnellsten 13 J\u00e4hrigen der vergangen 20 Jahre, der mit 5,61m auch noch verdammt weit springt. Mit diesen Leistungen ist er aktuell unschlagbar, hat in diesem Wettkampf jedoch ordentlich Konkurrenz vom aktuellen Landesrekordhalter der M12 bekommen. Ex-LAC Dessau Athlet <strong>Phil Matthias<\/strong> (09) freute sich ebenso einmal mit Konkurrenz in den Block zu gehen. Mit der gleichen 60m H\u00fcrdenzeit wie Max, 9,59s verpasst er den von ihm selber vor wenigen Wochen aufgestellten M12 Landesrekord (9,50s) nur knapp. Mit beachtlichen 2.387 Pkt. uns somit nur 26 Pkt. hinter seinem eigenen Landesrekord belegt er einen hervorragenden 2 Platz und ist heimlicher Sieger des M12 Block Lauf.<\/div>\n<div dir=\"auto\"><\/div>\n<div dir=\"auto\">Das passiert selten!<\/div>\n<div dir=\"auto\">Ein Vereinssportler h\u00e4lt die Schaar der Sportsch\u00fcler im Zaun und gewinnt den ersten Blockwettkampf.<\/div>\n<div dir=\"auto\"><strong>Vincent Dathe<\/strong> (09) hat die Abwesenheit des M12 Platzhirsches <strong>Phil Mathias<\/strong> (09) genutzt und die Chance auf den Sieg bereits beim 75m Sprint in 10,13s ergriffen. Mit 2.081 Pkt. hat er nicht nur eine hervorragende Blockwettkampf Leistung in diesem Alter erbracht, er hat ebenfalls die f\u00fcr den Leistungssport wichtige Eigenschaft der Nervenst\u00e4rke gezeigt, w\u00e4hrend sein Vereinskollege <strong>Luca Pl\u00f6tz<\/strong> (09) nach dem zweiten Fehlstart die m\u00f6gliche Silbermedaille und das dreifach gr\u00fcne Siegerpodest verspielt hat. So konnte sich<strong> Claudius von der G\u00f6nne<\/strong> (09) mit 2.055 Pkt. die Silbermedaille schnappen. Vereinssportler <strong>Erik Lange<\/strong> (09) zeigte ebenfalls tolle Leistungen und wurde vierter mit 1.915 Pkt.<\/div>\n<p><a title=\"\" href=\"https:\/\/ladv.de\/ergebnisse\/57843\/LM-Blockwettkampf-M-W-15-12-Ergebnisliste-3-Halle-%28Saale%29-2021.htm\" target=\"_blank\" rel=\"noopener\">Ergebnisse LADV 03.07.2021 &#8211; LM Blockwettkampf U14\/U16\u00a0<\/a><\/p>\n<p>Autor: Philipp T\u00f6pfer<\/p>\n<p>Fotos: Nici Pfumfel und Bernd Hammelmann<\/p>\n","protected":false},"excerpt":{"rendered":"<p>Sieger Landesmeisterschaften Block U16\/U14 &#8211; 03.07.2021 [img_slider] [img_slide alt=&#8220;alt&#8220; src=&#8220;https:\/\/alt.sv-halle-leichtathletik\/wp-content\/uploads\/2021\/07\/18-wk-Leon-Joel-Clair-LM-Block-03.07.2021.jpg&#8220;] [img_slide alt=&#8220;alt&#8220; src=&#8220;https:\/\/alt.sv-halle-leichtathletik\/wp-content\/uploads\/2021\/07\/12-wk-Mika-Laue-Sieg-LM-Block-03.07.2021.jpg&#8220;] [img_slide alt=&#8220;alt&#8220; src=&#8220;https:\/\/alt.sv-halle-leichtathletik\/wp-content\/uploads\/2021\/07\/11-wk-Charlotte-Zeigermann-Sieg-LM-Block-03.07.2021.jpg&#8220;] [img_slide alt=&#8220;alt&#8220; src=&#8220;https:\/\/alt.sv-halle-leichtathletik\/wp-content\/uploads\/2021\/07\/13-wk-Ernst-Bruno-Eltz-Sieg-LM-Block-03.07.2021.jpg&#8220;] [img_slide alt=&#8220;alt&#8220; src=&#8220;https:\/\/alt.sv-halle-leichtathletik\/wp-content\/uploads\/2021\/07\/14-wk-Emil-Wydmuch-Sieg-LM-Block-03.07.2021.jpg&#8220;] [img_slide alt=&#8220;alt&#8220; src=&#8220;https:\/\/alt.sv-halle-leichtathletik\/wp-content\/uploads\/2021\/07\/19-wk-Rachel-Agbo-Anih-Sieg-03.07.2021.jpg&#8220;] [img_slide<span class=\"excerpt-hellip\"> [\u2026]<\/span><\/p>\n","protected":false},"author":3,"featured_media":7955,"comment_status":"closed","ping_status":"open","sticky":false,"template":"","format":"standard","meta":{"footnotes":""},"categories":[51],"tags":[],"class_list":["post-8037","post","type-post","status-publish","format-standard","has-post-thumbnail","hentry","category-leichtathletik"],"_links":{"self":[{"href":"https:\/\/www.sv-halle-leichtathletik.de\/index.php?rest_route=\/wp\/v2\/posts\/8037","targetHints":{"allow":["GET"]}}],"collection":[{"href":"https:\/\/www.sv-halle-leichtathletik.de\/index.php?rest_route=\/wp\/v2\/posts"}],"about":[{"href":"https:\/\/www.sv-halle-leichtathletik.de\/index.php?rest_route=\/wp\/v2\/types\/post"}],"author":[{"embeddable":true,"href":"https:\/\/www.sv-halle-leichtathletik.de\/index.php?rest_route=\/wp\/v2\/users\/3"}],"replies":[{"embeddable":true,"href":"https:\/\/www.sv-halle-leichtathletik.de\/index.php?rest_route=%2Fwp%2Fv2%2Fcomments&post=8037"}],"version-history":[{"count":0,"href":"https:\/\/www.sv-halle-leichtathletik.de\/index.php?rest_route=\/wp\/v2\/posts\/8037\/revisions"}],"wp:featuredmedia":[{"embeddable":true,"href":"https:\/\/www.sv-halle-leichtathletik.de\/index.php?rest_route=\/wp\/v2\/media\/7955"}],"wp:attachment":[{"href":"https:\/\/www.sv-halle-leichtathletik.de\/index.php?rest_route=%2Fwp%2Fv2%2Fmedia&parent=8037"}],"wp:term":[{"taxonomy":"category","embeddable":true,"href":"https:\/\/www.sv-halle-leichtathletik.de\/index.php?rest_route=%2Fwp%2Fv2%2Fcategories&post=8037"},{"taxonomy":"post_tag","embeddable":true,"href":"https:\/\/www.sv-halle-leichtathletik.de\/index.php?rest_route=%2Fwp%2Fv2%2Ftags&post=8037"}],"curies":[{"name":"wp","href":"https:\/\/api.w.org\/{rel}","templated":true}]}}