{"id":8034,"date":"2021-06-26T19:08:31","date_gmt":"2021-06-26T17:08:31","guid":{"rendered":"https:\/\/www.sv-halle-leichtathletik.de\/?p=6085"},"modified":"2021-06-26T19:08:31","modified_gmt":"2021-06-26T17:08:31","slug":"2021-06-26-medaillenlose-u23-dm-mit-verpassten-chancen","status":"publish","type":"post","link":"https:\/\/www.sv-halle-leichtathletik.de\/?p=8034","title":{"rendered":"2021.06.26 &#8211; Medaillenlose U23 DM mit verpassten Chancen"},"content":{"rendered":"<h3>Die Deutschen Meisterschaften der U23 bleibt f\u00fcr den SV Halle leider Medaillenlos.<\/h3>\n<p>Mit einer Saisonbestleistung von 53,29m und damit erf\u00fcllter U23 EM Norm, war Sandy Uhlig (00) eine hei\u00dfe Kandidaten f\u00fcr das Siegerpodest. Dies verpasste sie leider und somit auch die m\u00f6gliche Nominierung f\u00fcr die U23 EM. Am Ende landet sie ihr Diskus auf 51,46m und einem soliden 5. Platz.<\/p>\n<p>100m H\u00fcrdensprinterin Antonia Kohl (99) konnte nicht an ihre j\u00fcngst gute Leistung ankn\u00fcpfen und verpasste, nach einem Strauchler an der zweiten H\u00fcrde, mit 14,12s das Finale um wenige Hundertstel.<\/p>\n<p><a title=\"\" href=\"https:\/\/www.leichtathletik.de\/termine\/top-events\/u23-dm-2021-koblenz-live\" target=\"_blank\" rel=\"noopener\">Ergebnisse Koblenz<\/a><\/p>\n<p>Autor: Philipp T\u00f6pfer<\/p>\n<p>&nbsp;<\/p>\n","protected":false},"excerpt":{"rendered":"<p>Die Deutschen Meisterschaften der U23 bleibt f\u00fcr den SV Halle leider Medaillenlos. Mit einer Saisonbestleistung von 53,29m und damit erf\u00fcllter U23 EM Norm, war Sandy Uhlig<span class=\"excerpt-hellip\"> [\u2026]<\/span><\/p>\n","protected":false},"author":3,"featured_media":7156,"comment_status":"closed","ping_status":"open","sticky":false,"template":"","format":"standard","meta":{"footnotes":""},"categories":[55,51],"tags":[],"class_list":["post-8034","post","type-post","status-publish","format-standard","has-post-thumbnail","hentry","category-deutsche-meisterschaften","category-leichtathletik"],"_links":{"self":[{"href":"https:\/\/www.sv-halle-leichtathletik.de\/index.php?rest_route=\/wp\/v2\/posts\/8034","targetHints":{"allow":["GET"]}}],"collection":[{"href":"https:\/\/www.sv-halle-leichtathletik.de\/index.php?rest_route=\/wp\/v2\/posts"}],"about":[{"href":"https:\/\/www.sv-halle-leichtathletik.de\/index.php?rest_route=\/wp\/v2\/types\/post"}],"author":[{"embeddable":true,"href":"https:\/\/www.sv-halle-leichtathletik.de\/index.php?rest_route=\/wp\/v2\/users\/3"}],"replies":[{"embeddable":true,"href":"https:\/\/www.sv-halle-leichtathletik.de\/index.php?rest_route=%2Fwp%2Fv2%2Fcomments&post=8034"}],"version-history":[{"count":0,"href":"https:\/\/www.sv-halle-leichtathletik.de\/index.php?rest_route=\/wp\/v2\/posts\/8034\/revisions"}],"wp:featuredmedia":[{"embeddable":true,"href":"https:\/\/www.sv-halle-leichtathletik.de\/index.php?rest_route=\/wp\/v2\/media\/7156"}],"wp:attachment":[{"href":"https:\/\/www.sv-halle-leichtathletik.de\/index.php?rest_route=%2Fwp%2Fv2%2Fmedia&parent=8034"}],"wp:term":[{"taxonomy":"category","embeddable":true,"href":"https:\/\/www.sv-halle-leichtathletik.de\/index.php?rest_route=%2Fwp%2Fv2%2Fcategories&post=8034"},{"taxonomy":"post_tag","embeddable":true,"href":"https:\/\/www.sv-halle-leichtathletik.de\/index.php?rest_route=%2Fwp%2Fv2%2Ftags&post=8034"}],"curies":[{"name":"wp","href":"https:\/\/api.w.org\/{rel}","templated":true}]}}